{"id":1065,"date":"2015-03-24T21:20:54","date_gmt":"2015-03-24T20:20:54","guid":{"rendered":"http:\/\/galaxy21.net\/?p=1065"},"modified":"2017-07-17T21:48:56","modified_gmt":"2017-07-17T20:48:56","slug":"burj-khalifa-at-the-top","status":"publish","type":"post","link":"https:\/\/galaxy21.net\/de\/2015\/burj-khalifa-at-the-top\/","title":{"rendered":"At The Top Burj Khalifa Sky"},"content":{"rendered":"<p>Etage 148. In 555 Metern H\u00f6he, die h\u00f6chste Aussichtsplattform der Welt. Das ist &#8222;At The Top Burj Khalifa Sky&#8220;.<!--more--><\/p>\n<p>Leider kann man in dieser H\u00f6he nicht ins Freie, so dass sich einige Reflektionen an den Glasscheiben beim Fotografieren nicht ganz vermeiden lie\u00dfen.<\/p>\n<p>Die Nachtfotos sind von Etage 125 in 456m H\u00f6he entstanden. Dort kann man ins Freie treten und hat einen wundersch\u00f6nen Blick \u00fcber die Stadt.<\/p>\n<p><img loading=\"lazy\" decoding=\"async\" class=\"wp-image-1124 alignleft gtfy-1 gtfy-2\" src=\"http:\/\/galaxy21.net\/wp-content\/uploads\/2017\/07\/BurjKhalifaLeveld.png\" alt=\"Burj Khalifa\" height=\"392\" width=\"300\">Die Grafik verdeutlicht, in welchen H\u00f6hen sich die Aussichtsplattformen befinden. Der Turm (arabisch &#8222;Burj&#8220;) ist insgesamt 828 Meter hoch.<\/p>\nngg_shortcode_0_placeholder\n","protected":false},"excerpt":{"rendered":"<p>Etage 148. In 555 Metern H\u00f6he, die h\u00f6chste Aussichtsplattform der Welt. Das ist &#8222;At The<\/p>\n<div class=\"more-link-wrapper\"><a class=\"more-link\" href=\"https:\/\/galaxy21.net\/de\/2015\/burj-khalifa-at-the-top\/\">Beitrag lesen<span class=\"screen-reader-text\">At The Top Burj Khalifa Sky<\/span><\/a><\/div>\n","protected":false},"author":2,"featured_media":1115,"comment_status":"open","ping_status":"open","sticky":false,"template":"","format":"standard","meta":{"ngg_post_thumbnail":0,"footnotes":""},"categories":[5],"tags":[38,46],"class_list":["post-1065","post","type-post","status-publish","format-standard","has-post-thumbnail","hentry","category-fotografie","tag-fotografie","tag-staedte","excerpt","zoom","full-without-featured","even","excerpt-0"],"_links":{"self":[{"href":"https:\/\/galaxy21.net\/de\/wp-json\/wp\/v2\/posts\/1065","targetHints":{"allow":["GET"]}}],"collection":[{"href":"https:\/\/galaxy21.net\/de\/wp-json\/wp\/v2\/posts"}],"about":[{"href":"https:\/\/galaxy21.net\/de\/wp-json\/wp\/v2\/types\/post"}],"author":[{"embeddable":true,"href":"https:\/\/galaxy21.net\/de\/wp-json\/wp\/v2\/users\/2"}],"replies":[{"embeddable":true,"href":"https:\/\/galaxy21.net\/de\/wp-json\/wp\/v2\/comments?post=1065"}],"version-history":[{"count":11,"href":"https:\/\/galaxy21.net\/de\/wp-json\/wp\/v2\/posts\/1065\/revisions"}],"predecessor-version":[{"id":1127,"href":"https:\/\/galaxy21.net\/de\/wp-json\/wp\/v2\/posts\/1065\/revisions\/1127"}],"wp:featuredmedia":[{"embeddable":true,"href":"https:\/\/galaxy21.net\/de\/wp-json\/wp\/v2\/media\/1115"}],"wp:attachment":[{"href":"https:\/\/galaxy21.net\/de\/wp-json\/wp\/v2\/media?parent=1065"}],"wp:term":[{"taxonomy":"category","embeddable":true,"href":"https:\/\/galaxy21.net\/de\/wp-json\/wp\/v2\/categories?post=1065"},{"taxonomy":"post_tag","embeddable":true,"href":"https:\/\/galaxy21.net\/de\/wp-json\/wp\/v2\/tags?post=1065"}],"curies":[{"name":"wp","href":"https:\/\/api.w.org\/{rel}","templated":true}]}}